{"id":11461,"date":"2025-11-27T10:19:06","date_gmt":"2025-11-27T10:19:06","guid":{"rendered":"https:\/\/semanasantaferrol.com\/?p=11461"},"modified":"2025-11-27T10:31:08","modified_gmt":"2025-11-27T10:31:08","slug":"conmemoracion-da-institucion-canonica-da-congregacion-dos-servos-de-maria-en-ferrol","status":"publish","type":"post","link":"https:\/\/semanasantaferrol.com\/gl\/conmemoracion-da-institucion-canonica-da-congregacion-dos-servos-de-maria-en-ferrol\/","title":{"rendered":"Conmemoraci\u00f3n do 275 aniversario da instituci\u00f3n can\u00f3nica dos Servos de Mar\u00eda en Ferrol"},"content":{"rendered":"<p>O pr\u00f3ximo d\u00eda 6 de decembro cumpriranse 275 anos da instituci\u00f3n can\u00f3nica da congregaci\u00f3n dos Servos de Mar\u00eda en Ferrol. A Confrar\u00eda de Dolores, vinculada con @dicha concregaci\u00f3n nos seus inicios, organizou un programa conmemorativo para celebrar a devandita efem\u00e9ride.<\/p>\n<p>O venres d\u00eda 5 celebrarase unha Vixilia de Oraci\u00f3n, a partir das 22.00h e o s\u00e1bado, 6 de decembro, ter\u00e1 lugar unha Santa Misa de Acci\u00f3n de Grazas, \u00e1s 19.30h, presidida polo bispo diocesano Fernando Garc\u00eda Cadi\u00f1anos.<\/p>\n<p><img fetchpriority=\"high\" decoding=\"async\" class=\"alignnone wp-image-11464\" src=\"https:\/\/semanasantaferrol.com\/wp-content\/uploads\/2025\/11\/WhatsApp-Image-2025-11-27-at-08.15.33-2-819x1024.jpeg\" alt=\"\" width=\"554\" height=\"693\" srcset=\"https:\/\/semanasantaferrol.com\/wp-content\/uploads\/2025\/11\/WhatsApp-Image-2025-11-27-at-08.15.33-2-819x1024.jpeg 819w, https:\/\/semanasantaferrol.com\/wp-content\/uploads\/2025\/11\/WhatsApp-Image-2025-11-27-at-08.15.33-2-180x225.jpeg 180w, https:\/\/semanasantaferrol.com\/wp-content\/uploads\/2025\/11\/WhatsApp-Image-2025-11-27-at-08.15.33-2-768x961.jpeg 768w, https:\/\/semanasantaferrol.com\/wp-content\/uploads\/2025\/11\/WhatsApp-Image-2025-11-27-at-08.15.33-2-1228x1536.jpeg 1228w, https:\/\/semanasantaferrol.com\/wp-content\/uploads\/2025\/11\/WhatsApp-Image-2025-11-27-at-08.15.33-2.jpeg 1279w\" sizes=\"(max-width: 554px) 100vw, 554px\" \/>\u00a0<img decoding=\"async\" class=\"alignnone wp-image-11462\" src=\"https:\/\/semanasantaferrol.com\/wp-content\/uploads\/2025\/11\/WhatsApp-Image-2025-11-27-at-08.15.33-1-1-819x1024.jpeg\" alt=\"\" width=\"491\" height=\"614\" srcset=\"https:\/\/semanasantaferrol.com\/wp-content\/uploads\/2025\/11\/WhatsApp-Image-2025-11-27-at-08.15.33-1-1-819x1024.jpeg 819w, https:\/\/semanasantaferrol.com\/wp-content\/uploads\/2025\/11\/WhatsApp-Image-2025-11-27-at-08.15.33-1-1-180x225.jpeg 180w, https:\/\/semanasantaferrol.com\/wp-content\/uploads\/2025\/11\/WhatsApp-Image-2025-11-27-at-08.15.33-1-1-768x960.jpeg 768w, https:\/\/semanasantaferrol.com\/wp-content\/uploads\/2025\/11\/WhatsApp-Image-2025-11-27-at-08.15.33-1-1-1229x1536.jpeg 1229w, https:\/\/semanasantaferrol.com\/wp-content\/uploads\/2025\/11\/WhatsApp-Image-2025-11-27-at-08.15.33-1-1.jpeg 1280w\" sizes=\"(max-width: 491px) 100vw, 491px\" \/><\/p>\n","protected":false},"excerpt":{"rendered":"<p>O pr\u00f3ximo d\u00eda 6 de decembro cumpriranse 275 anos da instituci\u00f3n can\u00f3nica da congregaci\u00f3n dos Servos de Mar\u00eda en Ferrol. A Confrar\u00eda de Dolores, vinculada con @dicha concregaci\u00f3n nos seus inicios, organizou un programa conmemorativo para celebrar a devandita efem\u00e9ride. O venres d\u00eda 5 celebrarase unha Vixilia de Oraci\u00f3n, a partir das 22.00h e o [&hellip;]<\/p>\n","protected":false},"author":3,"featured_media":11473,"comment_status":"open","ping_status":"open","sticky":false,"template":"","format":"standard","meta":{"footnotes":""},"categories":[37],"tags":[],"class_list":["post-11461","post","type-post","status-publish","format-standard","has-post-thumbnail","hentry","category-dores"],"yoast_head":"<!-- This site is optimized with the Yoast SEO plugin v27.5 - https:\/\/yoast.com\/product\/yoast-seo-wordpress\/ -->\n<title>Conmemoraci\u00f3n do 275 aniversario da instituci\u00f3n can\u00f3nica dos Servos de Mar\u00eda en Ferrol - Junta General de Cofrad\u00edas y Hermandades<\/title>\n<meta name=\"robots\" content=\"index, follow, max-snippet:-1, max-image-preview:large, max-video-preview:-1\" \/>\n<link rel=\"canonical\" href=\"https:\/\/semanasantaferrol.com\/gl\/conmemoracion-da-institucion-canonica-da-congregacion-dos-servos-de-maria-en-ferrol\/\" \/>\n<meta property=\"og:locale\" content=\"gl_ES\" \/>\n<meta property=\"og:type\" content=\"article\" \/>\n<meta property=\"og:title\" content=\"Conmemoraci\u00f3n do 275 aniversario da instituci\u00f3n can\u00f3nica dos Servos de Mar\u00eda en Ferrol - Junta General de Cofrad\u00edas y Hermandades\" \/>\n<meta property=\"og:description\" content=\"O pr\u00f3ximo d\u00eda 6 de decembro cumpriranse 275 anos da instituci\u00f3n can\u00f3nica da congregaci\u00f3n dos Servos de Mar\u00eda en Ferrol. A Confrar\u00eda de Dolores, vinculada con @dicha concregaci\u00f3n nos seus inicios, organizou un programa conmemorativo para celebrar a devandita efem\u00e9ride. O venres d\u00eda 5 celebrarase unha Vixilia de Oraci\u00f3n, a partir das 22.00h e o [&hellip;]\" \/>\n<meta property=\"og:url\" content=\"https:\/\/semanasantaferrol.com\/gl\/conmemoracion-da-institucion-canonica-da-congregacion-dos-servos-de-maria-en-ferrol\/\" \/>\n<meta property=\"og:site_name\" content=\"Junta General de Cofrad\u00edas y Hermandades\" \/>\n<meta property=\"article:publisher\" content=\"https:\/\/www.facebook.com\/Juntageneraldecofradias\/\" \/>\n<meta property=\"article:published_time\" content=\"2025-11-27T10:19:06+00:00\" \/>\n<meta property=\"article:modified_time\" content=\"2025-11-27T10:31:08+00:00\" \/>\n<meta property=\"og:image\" content=\"https:\/\/semanasantaferrol.com\/wp-content\/uploads\/2025\/11\/Diseno-sin-titulo-18.png\" \/>\n\t<meta property=\"og:image:width\" content=\"300\" \/>\n\t<meta property=\"og:image:height\" content=\"225\" \/>\n\t<meta property=\"og:image:type\" content=\"image\/png\" \/>\n<meta name=\"author\" content=\"pingota\" \/>\n<meta name=\"twitter:card\" content=\"summary_large_image\" \/>\n<meta name=\"twitter:label1\" content=\"Escrito por\" \/>\n\t<meta name=\"twitter:data1\" content=\"pingota\" \/>\n\t<meta name=\"twitter:label2\" content=\"Tempo de lectura\" \/>\n\t<meta name=\"twitter:data2\" content=\"1 minuto\" \/>\n<script type=\"application\/ld+json\" class=\"yoast-schema-graph\">{\"@context\":\"https:\\\/\\\/schema.org\",\"@graph\":[{\"@type\":\"Article\",\"@id\":\"https:\\\/\\\/semanasantaferrol.com\\\/gl\\\/conmemoracion-da-institucion-canonica-da-congregacion-dos-servos-de-maria-en-ferrol\\\/#article\",\"isPartOf\":{\"@id\":\"https:\\\/\\\/semanasantaferrol.com\\\/gl\\\/conmemoracion-da-institucion-canonica-da-congregacion-dos-servos-de-maria-en-ferrol\\\/\"},\"author\":{\"name\":\"pingota\",\"@id\":\"https:\\\/\\\/semanasantaferrol.com\\\/gl\\\/#\\\/schema\\\/person\\\/cdd132690f08f75a35f05e2423e6307c\"},\"headline\":\"Conmemoraci\u00f3n do 275 aniversario da instituci\u00f3n can\u00f3nica dos Servos de Mar\u00eda en Ferrol\",\"datePublished\":\"2025-11-27T10:19:06+00:00\",\"dateModified\":\"2025-11-27T10:31:08+00:00\",\"mainEntityOfPage\":{\"@id\":\"https:\\\/\\\/semanasantaferrol.com\\\/gl\\\/conmemoracion-da-institucion-canonica-da-congregacion-dos-servos-de-maria-en-ferrol\\\/\"},\"wordCount\":104,\"commentCount\":0,\"publisher\":{\"@id\":\"https:\\\/\\\/semanasantaferrol.com\\\/gl\\\/#organization\"},\"image\":{\"@id\":\"https:\\\/\\\/semanasantaferrol.com\\\/gl\\\/conmemoracion-da-institucion-canonica-da-congregacion-dos-servos-de-maria-en-ferrol\\\/#primaryimage\"},\"thumbnailUrl\":\"https:\\\/\\\/semanasantaferrol.com\\\/wp-content\\\/uploads\\\/2025\\\/11\\\/Diseno-sin-titulo-18.png\",\"articleSection\":[\"Dolores\"],\"inLanguage\":\"gl-ES\",\"potentialAction\":[{\"@type\":\"CommentAction\",\"name\":\"Comment\",\"target\":[\"https:\\\/\\\/semanasantaferrol.com\\\/gl\\\/conmemoracion-da-institucion-canonica-da-congregacion-dos-servos-de-maria-en-ferrol\\\/#respond\"]}]},{\"@type\":\"WebPage\",\"@id\":\"https:\\\/\\\/semanasantaferrol.com\\\/gl\\\/conmemoracion-da-institucion-canonica-da-congregacion-dos-servos-de-maria-en-ferrol\\\/\",\"url\":\"https:\\\/\\\/semanasantaferrol.com\\\/gl\\\/conmemoracion-da-institucion-canonica-da-congregacion-dos-servos-de-maria-en-ferrol\\\/\",\"name\":\"Conmemoraci\u00f3n do 275 aniversario da instituci\u00f3n can\u00f3nica dos Servos de Mar\u00eda en Ferrol - Junta General de Cofrad\u00edas y Hermandades\",\"isPartOf\":{\"@id\":\"https:\\\/\\\/semanasantaferrol.com\\\/gl\\\/#website\"},\"primaryImageOfPage\":{\"@id\":\"https:\\\/\\\/semanasantaferrol.com\\\/gl\\\/conmemoracion-da-institucion-canonica-da-congregacion-dos-servos-de-maria-en-ferrol\\\/#primaryimage\"},\"image\":{\"@id\":\"https:\\\/\\\/semanasantaferrol.com\\\/gl\\\/conmemoracion-da-institucion-canonica-da-congregacion-dos-servos-de-maria-en-ferrol\\\/#primaryimage\"},\"thumbnailUrl\":\"https:\\\/\\\/semanasantaferrol.com\\\/wp-content\\\/uploads\\\/2025\\\/11\\\/Diseno-sin-titulo-18.png\",\"datePublished\":\"2025-11-27T10:19:06+00:00\",\"dateModified\":\"2025-11-27T10:31:08+00:00\",\"breadcrumb\":{\"@id\":\"https:\\\/\\\/semanasantaferrol.com\\\/gl\\\/conmemoracion-da-institucion-canonica-da-congregacion-dos-servos-de-maria-en-ferrol\\\/#breadcrumb\"},\"inLanguage\":\"gl-ES\",\"potentialAction\":[{\"@type\":\"ReadAction\",\"target\":[\"https:\\\/\\\/semanasantaferrol.com\\\/gl\\\/conmemoracion-da-institucion-canonica-da-congregacion-dos-servos-de-maria-en-ferrol\\\/\"]}]},{\"@type\":\"ImageObject\",\"inLanguage\":\"gl-ES\",\"@id\":\"https:\\\/\\\/semanasantaferrol.com\\\/gl\\\/conmemoracion-da-institucion-canonica-da-congregacion-dos-servos-de-maria-en-ferrol\\\/#primaryimage\",\"url\":\"https:\\\/\\\/semanasantaferrol.com\\\/wp-content\\\/uploads\\\/2025\\\/11\\\/Diseno-sin-titulo-18.png\",\"contentUrl\":\"https:\\\/\\\/semanasantaferrol.com\\\/wp-content\\\/uploads\\\/2025\\\/11\\\/Diseno-sin-titulo-18.png\",\"width\":300,\"height\":225},{\"@type\":\"BreadcrumbList\",\"@id\":\"https:\\\/\\\/semanasantaferrol.com\\\/gl\\\/conmemoracion-da-institucion-canonica-da-congregacion-dos-servos-de-maria-en-ferrol\\\/#breadcrumb\",\"itemListElement\":[{\"@type\":\"ListItem\",\"position\":1,\"name\":\"Portada\",\"item\":\"https:\\\/\\\/semanasantaferrol.com\\\/gl\\\/\"},{\"@type\":\"ListItem\",\"position\":2,\"name\":\"Conmemoraci\u00f3n do 275 aniversario da instituci\u00f3n can\u00f3nica dos Servos de Mar\u00eda en Ferrol\"}]},{\"@type\":\"WebSite\",\"@id\":\"https:\\\/\\\/semanasantaferrol.com\\\/gl\\\/#website\",\"url\":\"https:\\\/\\\/semanasantaferrol.com\\\/gl\\\/\",\"name\":\"Junta General de Cofrad\u00edas y Hermandades\",\"description\":\"Semana Santa de Ferrol\",\"publisher\":{\"@id\":\"https:\\\/\\\/semanasantaferrol.com\\\/gl\\\/#organization\"},\"alternateName\":\"Semana Santa de Ferrol\",\"potentialAction\":[{\"@type\":\"SearchAction\",\"target\":{\"@type\":\"EntryPoint\",\"urlTemplate\":\"https:\\\/\\\/semanasantaferrol.com\\\/gl\\\/?s={search_term_string}\"},\"query-input\":{\"@type\":\"PropertyValueSpecification\",\"valueRequired\":true,\"valueName\":\"search_term_string\"}}],\"inLanguage\":\"gl-ES\"},{\"@type\":\"Organization\",\"@id\":\"https:\\\/\\\/semanasantaferrol.com\\\/gl\\\/#organization\",\"name\":\"Junta General de Cofrad\u00edas y Hermandades de la Semana Santa de Ferrol\",\"alternateName\":\"Junta de Cofrad\u00edas de la Semana Santa de Ferrol\",\"url\":\"https:\\\/\\\/semanasantaferrol.com\\\/gl\\\/\",\"logo\":{\"@type\":\"ImageObject\",\"inLanguage\":\"gl-ES\",\"@id\":\"https:\\\/\\\/semanasantaferrol.com\\\/gl\\\/#\\\/schema\\\/logo\\\/image\\\/\",\"url\":\"https:\\\/\\\/semanasantaferrol.com\\\/wp-content\\\/uploads\\\/2022\\\/10\\\/junta_general_logo.svg\",\"contentUrl\":\"https:\\\/\\\/semanasantaferrol.com\\\/wp-content\\\/uploads\\\/2022\\\/10\\\/junta_general_logo.svg\",\"width\":600,\"height\":790,\"caption\":\"Junta General de Cofrad\u00edas y Hermandades de la Semana Santa de Ferrol\"},\"image\":{\"@id\":\"https:\\\/\\\/semanasantaferrol.com\\\/gl\\\/#\\\/schema\\\/logo\\\/image\\\/\"},\"sameAs\":[\"https:\\\/\\\/www.facebook.com\\\/Juntageneraldecofradias\\\/\",\"https:\\\/\\\/www.instagram.com\\\/juntageneralcofradiasferrol\\\/\",\"https:\\\/\\\/www.youtube.com\\\/@semanasantadeferrol1616\",\"https:\\\/\\\/www.tiktok.com\\\/@semanasantadeferrol\"]},{\"@type\":\"Person\",\"@id\":\"https:\\\/\\\/semanasantaferrol.com\\\/gl\\\/#\\\/schema\\\/person\\\/cdd132690f08f75a35f05e2423e6307c\",\"name\":\"pingota\",\"image\":{\"@type\":\"ImageObject\",\"inLanguage\":\"gl-ES\",\"@id\":\"https:\\\/\\\/secure.gravatar.com\\\/avatar\\\/b1bb79ecdfb8d6f4c44a82262f8b422faeb290304fc5c6f8b9b4305bfaa2853c?s=96&d=mm&r=g\",\"url\":\"https:\\\/\\\/secure.gravatar.com\\\/avatar\\\/b1bb79ecdfb8d6f4c44a82262f8b422faeb290304fc5c6f8b9b4305bfaa2853c?s=96&d=mm&r=g\",\"contentUrl\":\"https:\\\/\\\/secure.gravatar.com\\\/avatar\\\/b1bb79ecdfb8d6f4c44a82262f8b422faeb290304fc5c6f8b9b4305bfaa2853c?s=96&d=mm&r=g\",\"caption\":\"pingota\"},\"url\":\"https:\\\/\\\/semanasantaferrol.com\\\/gl\"}]}<\/script>\n<!-- \/ Yoast SEO plugin. -->","yoast_head_json":{"title":"Conmemoraci\u00f3n do 275 aniversario da instituci\u00f3n can\u00f3nica dos Servos de Mar\u00eda en Ferrol - Junta General de Cofrad\u00edas y Hermandades","robots":{"index":"index","follow":"follow","max-snippet":"max-snippet:-1","max-image-preview":"max-image-preview:large","max-video-preview":"max-video-preview:-1"},"canonical":"https:\/\/semanasantaferrol.com\/gl\/conmemoracion-da-institucion-canonica-da-congregacion-dos-servos-de-maria-en-ferrol\/","og_locale":"gl_ES","og_type":"article","og_title":"Conmemoraci\u00f3n do 275 aniversario da instituci\u00f3n can\u00f3nica dos Servos de Mar\u00eda en Ferrol - Junta General de Cofrad\u00edas y Hermandades","og_description":"O pr\u00f3ximo d\u00eda 6 de decembro cumpriranse 275 anos da instituci\u00f3n can\u00f3nica da congregaci\u00f3n dos Servos de Mar\u00eda en Ferrol. A Confrar\u00eda de Dolores, vinculada con @dicha concregaci\u00f3n nos seus inicios, organizou un programa conmemorativo para celebrar a devandita efem\u00e9ride. O venres d\u00eda 5 celebrarase unha Vixilia de Oraci\u00f3n, a partir das 22.00h e o [&hellip;]","og_url":"https:\/\/semanasantaferrol.com\/gl\/conmemoracion-da-institucion-canonica-da-congregacion-dos-servos-de-maria-en-ferrol\/","og_site_name":"Junta General de Cofrad\u00edas y Hermandades","article_publisher":"https:\/\/www.facebook.com\/Juntageneraldecofradias\/","article_published_time":"2025-11-27T10:19:06+00:00","article_modified_time":"2025-11-27T10:31:08+00:00","og_image":[{"width":300,"height":225,"url":"https:\/\/semanasantaferrol.com\/wp-content\/uploads\/2025\/11\/Diseno-sin-titulo-18.png","type":"image\/png"}],"author":"pingota","twitter_card":"summary_large_image","twitter_misc":{"Escrito por":"pingota","Tempo de lectura":"1 minuto"},"schema":{"@context":"https:\/\/schema.org","@graph":[{"@type":"Article","@id":"https:\/\/semanasantaferrol.com\/gl\/conmemoracion-da-institucion-canonica-da-congregacion-dos-servos-de-maria-en-ferrol\/#article","isPartOf":{"@id":"https:\/\/semanasantaferrol.com\/gl\/conmemoracion-da-institucion-canonica-da-congregacion-dos-servos-de-maria-en-ferrol\/"},"author":{"name":"pingota","@id":"https:\/\/semanasantaferrol.com\/gl\/#\/schema\/person\/cdd132690f08f75a35f05e2423e6307c"},"headline":"Conmemoraci\u00f3n do 275 aniversario da instituci\u00f3n can\u00f3nica dos Servos de Mar\u00eda en Ferrol","datePublished":"2025-11-27T10:19:06+00:00","dateModified":"2025-11-27T10:31:08+00:00","mainEntityOfPage":{"@id":"https:\/\/semanasantaferrol.com\/gl\/conmemoracion-da-institucion-canonica-da-congregacion-dos-servos-de-maria-en-ferrol\/"},"wordCount":104,"commentCount":0,"publisher":{"@id":"https:\/\/semanasantaferrol.com\/gl\/#organization"},"image":{"@id":"https:\/\/semanasantaferrol.com\/gl\/conmemoracion-da-institucion-canonica-da-congregacion-dos-servos-de-maria-en-ferrol\/#primaryimage"},"thumbnailUrl":"https:\/\/semanasantaferrol.com\/wp-content\/uploads\/2025\/11\/Diseno-sin-titulo-18.png","articleSection":["Dolores"],"inLanguage":"gl-ES","potentialAction":[{"@type":"CommentAction","name":"Comment","target":["https:\/\/semanasantaferrol.com\/gl\/conmemoracion-da-institucion-canonica-da-congregacion-dos-servos-de-maria-en-ferrol\/#respond"]}]},{"@type":"WebPage","@id":"https:\/\/semanasantaferrol.com\/gl\/conmemoracion-da-institucion-canonica-da-congregacion-dos-servos-de-maria-en-ferrol\/","url":"https:\/\/semanasantaferrol.com\/gl\/conmemoracion-da-institucion-canonica-da-congregacion-dos-servos-de-maria-en-ferrol\/","name":"Conmemoraci\u00f3n do 275 aniversario da instituci\u00f3n can\u00f3nica dos Servos de Mar\u00eda en Ferrol - Junta General de Cofrad\u00edas y Hermandades","isPartOf":{"@id":"https:\/\/semanasantaferrol.com\/gl\/#website"},"primaryImageOfPage":{"@id":"https:\/\/semanasantaferrol.com\/gl\/conmemoracion-da-institucion-canonica-da-congregacion-dos-servos-de-maria-en-ferrol\/#primaryimage"},"image":{"@id":"https:\/\/semanasantaferrol.com\/gl\/conmemoracion-da-institucion-canonica-da-congregacion-dos-servos-de-maria-en-ferrol\/#primaryimage"},"thumbnailUrl":"https:\/\/semanasantaferrol.com\/wp-content\/uploads\/2025\/11\/Diseno-sin-titulo-18.png","datePublished":"2025-11-27T10:19:06+00:00","dateModified":"2025-11-27T10:31:08+00:00","breadcrumb":{"@id":"https:\/\/semanasantaferrol.com\/gl\/conmemoracion-da-institucion-canonica-da-congregacion-dos-servos-de-maria-en-ferrol\/#breadcrumb"},"inLanguage":"gl-ES","potentialAction":[{"@type":"ReadAction","target":["https:\/\/semanasantaferrol.com\/gl\/conmemoracion-da-institucion-canonica-da-congregacion-dos-servos-de-maria-en-ferrol\/"]}]},{"@type":"ImageObject","inLanguage":"gl-ES","@id":"https:\/\/semanasantaferrol.com\/gl\/conmemoracion-da-institucion-canonica-da-congregacion-dos-servos-de-maria-en-ferrol\/#primaryimage","url":"https:\/\/semanasantaferrol.com\/wp-content\/uploads\/2025\/11\/Diseno-sin-titulo-18.png","contentUrl":"https:\/\/semanasantaferrol.com\/wp-content\/uploads\/2025\/11\/Diseno-sin-titulo-18.png","width":300,"height":225},{"@type":"BreadcrumbList","@id":"https:\/\/semanasantaferrol.com\/gl\/conmemoracion-da-institucion-canonica-da-congregacion-dos-servos-de-maria-en-ferrol\/#breadcrumb","itemListElement":[{"@type":"ListItem","position":1,"name":"Portada","item":"https:\/\/semanasantaferrol.com\/gl\/"},{"@type":"ListItem","position":2,"name":"Conmemoraci\u00f3n do 275 aniversario da instituci\u00f3n can\u00f3nica dos Servos de Mar\u00eda en Ferrol"}]},{"@type":"WebSite","@id":"https:\/\/semanasantaferrol.com\/gl\/#website","url":"https:\/\/semanasantaferrol.com\/gl\/","name":"Junta General de Cofrad\u00edas y Hermandades","description":"Semana Santa de Ferrol","publisher":{"@id":"https:\/\/semanasantaferrol.com\/gl\/#organization"},"alternateName":"Semana Santa de Ferrol","potentialAction":[{"@type":"SearchAction","target":{"@type":"EntryPoint","urlTemplate":"https:\/\/semanasantaferrol.com\/gl\/?s={search_term_string}"},"query-input":{"@type":"PropertyValueSpecification","valueRequired":true,"valueName":"search_term_string"}}],"inLanguage":"gl-ES"},{"@type":"Organization","@id":"https:\/\/semanasantaferrol.com\/gl\/#organization","name":"Junta General de Cofrad\u00edas y Hermandades de la Semana Santa de Ferrol","alternateName":"Junta de Cofrad\u00edas de la Semana Santa de Ferrol","url":"https:\/\/semanasantaferrol.com\/gl\/","logo":{"@type":"ImageObject","inLanguage":"gl-ES","@id":"https:\/\/semanasantaferrol.com\/gl\/#\/schema\/logo\/image\/","url":"https:\/\/semanasantaferrol.com\/wp-content\/uploads\/2022\/10\/junta_general_logo.svg","contentUrl":"https:\/\/semanasantaferrol.com\/wp-content\/uploads\/2022\/10\/junta_general_logo.svg","width":600,"height":790,"caption":"Junta General de Cofrad\u00edas y Hermandades de la Semana Santa de Ferrol"},"image":{"@id":"https:\/\/semanasantaferrol.com\/gl\/#\/schema\/logo\/image\/"},"sameAs":["https:\/\/www.facebook.com\/Juntageneraldecofradias\/","https:\/\/www.instagram.com\/juntageneralcofradiasferrol\/","https:\/\/www.youtube.com\/@semanasantadeferrol1616","https:\/\/www.tiktok.com\/@semanasantadeferrol"]},{"@type":"Person","@id":"https:\/\/semanasantaferrol.com\/gl\/#\/schema\/person\/cdd132690f08f75a35f05e2423e6307c","name":"pingota","image":{"@type":"ImageObject","inLanguage":"gl-ES","@id":"https:\/\/secure.gravatar.com\/avatar\/b1bb79ecdfb8d6f4c44a82262f8b422faeb290304fc5c6f8b9b4305bfaa2853c?s=96&d=mm&r=g","url":"https:\/\/secure.gravatar.com\/avatar\/b1bb79ecdfb8d6f4c44a82262f8b422faeb290304fc5c6f8b9b4305bfaa2853c?s=96&d=mm&r=g","contentUrl":"https:\/\/secure.gravatar.com\/avatar\/b1bb79ecdfb8d6f4c44a82262f8b422faeb290304fc5c6f8b9b4305bfaa2853c?s=96&d=mm&r=g","caption":"pingota"},"url":"https:\/\/semanasantaferrol.com\/gl"}]}},"_links":{"self":[{"href":"https:\/\/semanasantaferrol.com\/gl\/wp-json\/wp\/v2\/posts\/11461","targetHints":{"allow":["GET"]}}],"collection":[{"href":"https:\/\/semanasantaferrol.com\/gl\/wp-json\/wp\/v2\/posts"}],"about":[{"href":"https:\/\/semanasantaferrol.com\/gl\/wp-json\/wp\/v2\/types\/post"}],"author":[{"embeddable":true,"href":"https:\/\/semanasantaferrol.com\/gl\/wp-json\/wp\/v2\/users\/3"}],"replies":[{"embeddable":true,"href":"https:\/\/semanasantaferrol.com\/gl\/wp-json\/wp\/v2\/comments?post=11461"}],"version-history":[{"count":2,"href":"https:\/\/semanasantaferrol.com\/gl\/wp-json\/wp\/v2\/posts\/11461\/revisions"}],"predecessor-version":[{"id":11475,"href":"https:\/\/semanasantaferrol.com\/gl\/wp-json\/wp\/v2\/posts\/11461\/revisions\/11475"}],"wp:featuredmedia":[{"embeddable":true,"href":"https:\/\/semanasantaferrol.com\/gl\/wp-json\/wp\/v2\/media\/11473"}],"wp:attachment":[{"href":"https:\/\/semanasantaferrol.com\/gl\/wp-json\/wp\/v2\/media?parent=11461"}],"wp:term":[{"taxonomy":"category","embeddable":true,"href":"https:\/\/semanasantaferrol.com\/gl\/wp-json\/wp\/v2\/categories?post=11461"},{"taxonomy":"post_tag","embeddable":true,"href":"https:\/\/semanasantaferrol.com\/gl\/wp-json\/wp\/v2\/tags?post=11461"}],"curies":[{"name":"wp","href":"https:\/\/api.w.org\/{rel}","templated":true}]}}