{"id":10839,"date":"2025-05-26T07:34:01","date_gmt":"2025-05-26T07:34:01","guid":{"rendered":"https:\/\/semanasantaferrol.com\/ofrenda-floral\/"},"modified":"2025-05-26T11:33:20","modified_gmt":"2025-05-26T11:33:20","slug":"ofrenda-floral","status":"publish","type":"post","link":"https:\/\/semanasantaferrol.com\/gl\/ofrenda-floral\/","title":{"rendered":"O Grupo Novo das Angustias fixo a s\u00faa ofrenda \u00e1 Virxe"},"content":{"rendered":"<p>Esta fin de semana o Grupo Novo da PRI Confrar\u00eda da Nosa Se\u00f1ora das Angustias elaborou unha cruz floral que entregou como ofrenda o pasado domingo 25 de maio \u00e1 s\u00faa Patroa, a Virxe das Angustias, como s\u00edmbolo da s\u00faa entrega e devoci\u00f3n neste mes de Mayo.<\/p>\n<p>A Cruz foi elaborada con flores que confrades das Angustias doaron durante esta semana anterior coas cores dos catro terzos da Confrar\u00eda: Nazareno, Agon\u00eda, Yacente e Virxe.<\/p>\n<p>&nbsp;<\/p>\n<p><img fetchpriority=\"high\" decoding=\"async\" class=\"alignnone size-large wp-image-10856\" src=\"https:\/\/semanasantaferrol.com\/wp-content\/uploads\/2025\/05\/cruz2-e1748259016677.jpg\" alt=\"\" width=\"800\" height=\"600\" \/><\/p>\n<p><img decoding=\"async\" class=\"alignnone size-large wp-image-10858\" src=\"https:\/\/semanasantaferrol.com\/wp-content\/uploads\/2025\/05\/cruz-768x1024.jpg\" alt=\"\" width=\"768\" height=\"1024\" srcset=\"https:\/\/semanasantaferrol.com\/wp-content\/uploads\/2025\/05\/cruz-768x1024.jpg 768w, https:\/\/semanasantaferrol.com\/wp-content\/uploads\/2025\/05\/cruz-169x225.jpg 169w, https:\/\/semanasantaferrol.com\/wp-content\/uploads\/2025\/05\/cruz-1152x1536.jpg 1152w, https:\/\/semanasantaferrol.com\/wp-content\/uploads\/2025\/05\/cruz.jpg 1536w\" sizes=\"(max-width: 768px) 100vw, 768px\" \/><\/p>\n<p>&nbsp;<\/p>\n<p>&nbsp;<\/p>\n<p>&nbsp;<\/p>\n<p><a href=\"http:\/\/https:\/\/whatsapp.com\/channel\/0029VaIa5w0HwXb8UUh2IA2g\"><img decoding=\"async\" class=\"aligncenter wp-image-10029 size-full\" src=\"https:\/\/semanasantaferrol.com\/wp-content\/uploads\/2025\/02\/CANLEWASAPGAL.png\" alt=\"\" width=\"711\" height=\"102\" srcset=\"https:\/\/semanasantaferrol.com\/wp-content\/uploads\/2025\/02\/CANLEWASAPGAL.png 711w, https:\/\/semanasantaferrol.com\/wp-content\/uploads\/2025\/02\/CANLEWASAPGAL-300x43.png 300w\" sizes=\"(max-width: 711px) 100vw, 711px\" \/><\/a><\/p>\n<p>&nbsp;<\/p>\n","protected":false},"excerpt":{"rendered":"<p>Esta fin de semana o Grupo Novo da PRI Confrar\u00eda da Nosa Se\u00f1ora das Angustias elaborou unha cruz floral que entregou como ofrenda o pasado domingo 25 de maio \u00e1 s\u00faa Patroa, a Virxe das Angustias, como s\u00edmbolo da s\u00faa entrega e devoci\u00f3n neste mes de Mayo. A Cruz foi elaborada con flores que confrades [&hellip;]<\/p>\n","protected":false},"author":3,"featured_media":10856,"comment_status":"open","ping_status":"open","sticky":false,"template":"","format":"standard","meta":{"footnotes":""},"categories":[32],"tags":[],"class_list":["post-10839","post","type-post","status-publish","format-standard","has-post-thumbnail","hentry","category-angustias-gl"],"yoast_head":"<!-- This site is optimized with the Yoast SEO plugin v27.5 - https:\/\/yoast.com\/product\/yoast-seo-wordpress\/ -->\n<title>O Grupo Novo das Angustias fixo a s\u00faa ofrenda \u00e1 Virxe - Junta General de Cofrad\u00edas y Hermandades<\/title>\n<meta name=\"description\" content=\"El Grupo Joven de la Cofrad\u00eda de las Angustias organiza una ofrenda floral a la Virgen, en la misa del domingo 25 de mayo.\" \/>\n<meta name=\"robots\" content=\"index, follow, max-snippet:-1, max-image-preview:large, max-video-preview:-1\" \/>\n<link rel=\"canonical\" href=\"https:\/\/semanasantaferrol.com\/gl\/ofrenda-floral\/\" \/>\n<meta property=\"og:locale\" content=\"gl_ES\" \/>\n<meta property=\"og:type\" content=\"article\" \/>\n<meta property=\"og:title\" content=\"O Grupo Novo das Angustias fixo a s\u00faa ofrenda \u00e1 Virxe - Junta General de Cofrad\u00edas y Hermandades\" \/>\n<meta property=\"og:description\" content=\"El Grupo Joven de la Cofrad\u00eda de las Angustias organiza una ofrenda floral a la Virgen, en la misa del domingo 25 de mayo.\" \/>\n<meta property=\"og:url\" content=\"https:\/\/semanasantaferrol.com\/gl\/ofrenda-floral\/\" \/>\n<meta property=\"og:site_name\" content=\"Junta General de Cofrad\u00edas y Hermandades\" \/>\n<meta property=\"article:publisher\" content=\"https:\/\/www.facebook.com\/Juntageneraldecofradias\/\" \/>\n<meta property=\"article:published_time\" content=\"2025-05-26T07:34:01+00:00\" \/>\n<meta property=\"article:modified_time\" content=\"2025-05-26T11:33:20+00:00\" \/>\n<meta property=\"og:image\" content=\"https:\/\/semanasantaferrol.com\/wp-content\/uploads\/2025\/05\/cruz2-e1748259016677.jpg\" \/>\n\t<meta property=\"og:image:width\" content=\"1600\" \/>\n\t<meta property=\"og:image:height\" content=\"1200\" \/>\n\t<meta property=\"og:image:type\" content=\"image\/jpeg\" \/>\n<meta name=\"author\" content=\"pingota\" \/>\n<meta name=\"twitter:card\" content=\"summary_large_image\" \/>\n<meta name=\"twitter:label1\" content=\"Escrito por\" \/>\n\t<meta name=\"twitter:data1\" content=\"pingota\" \/>\n\t<meta name=\"twitter:label2\" content=\"Tempo de lectura\" \/>\n\t<meta name=\"twitter:data2\" content=\"2 minutos\" \/>\n<script type=\"application\/ld+json\" class=\"yoast-schema-graph\">{\"@context\":\"https:\\\/\\\/schema.org\",\"@graph\":[{\"@type\":\"Article\",\"@id\":\"https:\\\/\\\/semanasantaferrol.com\\\/gl\\\/ofrenda-floral\\\/#article\",\"isPartOf\":{\"@id\":\"https:\\\/\\\/semanasantaferrol.com\\\/gl\\\/ofrenda-floral\\\/\"},\"author\":{\"name\":\"pingota\",\"@id\":\"https:\\\/\\\/semanasantaferrol.com\\\/gl\\\/#\\\/schema\\\/person\\\/cdd132690f08f75a35f05e2423e6307c\"},\"headline\":\"O Grupo Novo das Angustias fixo a s\u00faa ofrenda \u00e1 Virxe\",\"datePublished\":\"2025-05-26T07:34:01+00:00\",\"dateModified\":\"2025-05-26T11:33:20+00:00\",\"mainEntityOfPage\":{\"@id\":\"https:\\\/\\\/semanasantaferrol.com\\\/gl\\\/ofrenda-floral\\\/\"},\"wordCount\":96,\"commentCount\":0,\"publisher\":{\"@id\":\"https:\\\/\\\/semanasantaferrol.com\\\/gl\\\/#organization\"},\"image\":{\"@id\":\"https:\\\/\\\/semanasantaferrol.com\\\/gl\\\/ofrenda-floral\\\/#primaryimage\"},\"thumbnailUrl\":\"https:\\\/\\\/semanasantaferrol.com\\\/wp-content\\\/uploads\\\/2025\\\/05\\\/cruz2-e1748259016677.jpg\",\"articleSection\":[\"Angustias\"],\"inLanguage\":\"gl-ES\",\"potentialAction\":[{\"@type\":\"CommentAction\",\"name\":\"Comment\",\"target\":[\"https:\\\/\\\/semanasantaferrol.com\\\/gl\\\/ofrenda-floral\\\/#respond\"]}]},{\"@type\":\"WebPage\",\"@id\":\"https:\\\/\\\/semanasantaferrol.com\\\/gl\\\/ofrenda-floral\\\/\",\"url\":\"https:\\\/\\\/semanasantaferrol.com\\\/gl\\\/ofrenda-floral\\\/\",\"name\":\"O Grupo Novo das Angustias fixo a s\u00faa ofrenda \u00e1 Virxe - Junta General de Cofrad\u00edas y Hermandades\",\"isPartOf\":{\"@id\":\"https:\\\/\\\/semanasantaferrol.com\\\/gl\\\/#website\"},\"primaryImageOfPage\":{\"@id\":\"https:\\\/\\\/semanasantaferrol.com\\\/gl\\\/ofrenda-floral\\\/#primaryimage\"},\"image\":{\"@id\":\"https:\\\/\\\/semanasantaferrol.com\\\/gl\\\/ofrenda-floral\\\/#primaryimage\"},\"thumbnailUrl\":\"https:\\\/\\\/semanasantaferrol.com\\\/wp-content\\\/uploads\\\/2025\\\/05\\\/cruz2-e1748259016677.jpg\",\"datePublished\":\"2025-05-26T07:34:01+00:00\",\"dateModified\":\"2025-05-26T11:33:20+00:00\",\"description\":\"El Grupo Joven de la Cofrad\u00eda de las Angustias organiza una ofrenda floral a la Virgen, en la misa del domingo 25 de mayo.\",\"breadcrumb\":{\"@id\":\"https:\\\/\\\/semanasantaferrol.com\\\/gl\\\/ofrenda-floral\\\/#breadcrumb\"},\"inLanguage\":\"gl-ES\",\"potentialAction\":[{\"@type\":\"ReadAction\",\"target\":[\"https:\\\/\\\/semanasantaferrol.com\\\/gl\\\/ofrenda-floral\\\/\"]}]},{\"@type\":\"ImageObject\",\"inLanguage\":\"gl-ES\",\"@id\":\"https:\\\/\\\/semanasantaferrol.com\\\/gl\\\/ofrenda-floral\\\/#primaryimage\",\"url\":\"https:\\\/\\\/semanasantaferrol.com\\\/wp-content\\\/uploads\\\/2025\\\/05\\\/cruz2-e1748259016677.jpg\",\"contentUrl\":\"https:\\\/\\\/semanasantaferrol.com\\\/wp-content\\\/uploads\\\/2025\\\/05\\\/cruz2-e1748259016677.jpg\",\"width\":1600,\"height\":1200},{\"@type\":\"BreadcrumbList\",\"@id\":\"https:\\\/\\\/semanasantaferrol.com\\\/gl\\\/ofrenda-floral\\\/#breadcrumb\",\"itemListElement\":[{\"@type\":\"ListItem\",\"position\":1,\"name\":\"Portada\",\"item\":\"https:\\\/\\\/semanasantaferrol.com\\\/gl\\\/\"},{\"@type\":\"ListItem\",\"position\":2,\"name\":\"O Grupo Novo das Angustias fixo a s\u00faa ofrenda \u00e1 Virxe\"}]},{\"@type\":\"WebSite\",\"@id\":\"https:\\\/\\\/semanasantaferrol.com\\\/gl\\\/#website\",\"url\":\"https:\\\/\\\/semanasantaferrol.com\\\/gl\\\/\",\"name\":\"Junta General de Cofrad\u00edas y Hermandades\",\"description\":\"Semana Santa de Ferrol\",\"publisher\":{\"@id\":\"https:\\\/\\\/semanasantaferrol.com\\\/gl\\\/#organization\"},\"alternateName\":\"Semana Santa de Ferrol\",\"potentialAction\":[{\"@type\":\"SearchAction\",\"target\":{\"@type\":\"EntryPoint\",\"urlTemplate\":\"https:\\\/\\\/semanasantaferrol.com\\\/gl\\\/?s={search_term_string}\"},\"query-input\":{\"@type\":\"PropertyValueSpecification\",\"valueRequired\":true,\"valueName\":\"search_term_string\"}}],\"inLanguage\":\"gl-ES\"},{\"@type\":\"Organization\",\"@id\":\"https:\\\/\\\/semanasantaferrol.com\\\/gl\\\/#organization\",\"name\":\"Junta General de Cofrad\u00edas y Hermandades de la Semana Santa de Ferrol\",\"alternateName\":\"Junta de Cofrad\u00edas de la Semana Santa de Ferrol\",\"url\":\"https:\\\/\\\/semanasantaferrol.com\\\/gl\\\/\",\"logo\":{\"@type\":\"ImageObject\",\"inLanguage\":\"gl-ES\",\"@id\":\"https:\\\/\\\/semanasantaferrol.com\\\/gl\\\/#\\\/schema\\\/logo\\\/image\\\/\",\"url\":\"https:\\\/\\\/semanasantaferrol.com\\\/wp-content\\\/uploads\\\/2022\\\/10\\\/junta_general_logo.svg\",\"contentUrl\":\"https:\\\/\\\/semanasantaferrol.com\\\/wp-content\\\/uploads\\\/2022\\\/10\\\/junta_general_logo.svg\",\"width\":600,\"height\":790,\"caption\":\"Junta General de Cofrad\u00edas y Hermandades de la Semana Santa de Ferrol\"},\"image\":{\"@id\":\"https:\\\/\\\/semanasantaferrol.com\\\/gl\\\/#\\\/schema\\\/logo\\\/image\\\/\"},\"sameAs\":[\"https:\\\/\\\/www.facebook.com\\\/Juntageneraldecofradias\\\/\",\"https:\\\/\\\/www.instagram.com\\\/juntageneralcofradiasferrol\\\/\",\"https:\\\/\\\/www.youtube.com\\\/@semanasantadeferrol1616\",\"https:\\\/\\\/www.tiktok.com\\\/@semanasantadeferrol\"]},{\"@type\":\"Person\",\"@id\":\"https:\\\/\\\/semanasantaferrol.com\\\/gl\\\/#\\\/schema\\\/person\\\/cdd132690f08f75a35f05e2423e6307c\",\"name\":\"pingota\",\"image\":{\"@type\":\"ImageObject\",\"inLanguage\":\"gl-ES\",\"@id\":\"https:\\\/\\\/secure.gravatar.com\\\/avatar\\\/b1bb79ecdfb8d6f4c44a82262f8b422faeb290304fc5c6f8b9b4305bfaa2853c?s=96&d=mm&r=g\",\"url\":\"https:\\\/\\\/secure.gravatar.com\\\/avatar\\\/b1bb79ecdfb8d6f4c44a82262f8b422faeb290304fc5c6f8b9b4305bfaa2853c?s=96&d=mm&r=g\",\"contentUrl\":\"https:\\\/\\\/secure.gravatar.com\\\/avatar\\\/b1bb79ecdfb8d6f4c44a82262f8b422faeb290304fc5c6f8b9b4305bfaa2853c?s=96&d=mm&r=g\",\"caption\":\"pingota\"},\"url\":\"https:\\\/\\\/semanasantaferrol.com\\\/gl\"}]}<\/script>\n<!-- \/ Yoast SEO plugin. -->","yoast_head_json":{"title":"O Grupo Novo das Angustias fixo a s\u00faa ofrenda \u00e1 Virxe - Junta General de Cofrad\u00edas y Hermandades","description":"El Grupo Joven de la Cofrad\u00eda de las Angustias organiza una ofrenda floral a la Virgen, en la misa del domingo 25 de mayo.","robots":{"index":"index","follow":"follow","max-snippet":"max-snippet:-1","max-image-preview":"max-image-preview:large","max-video-preview":"max-video-preview:-1"},"canonical":"https:\/\/semanasantaferrol.com\/gl\/ofrenda-floral\/","og_locale":"gl_ES","og_type":"article","og_title":"O Grupo Novo das Angustias fixo a s\u00faa ofrenda \u00e1 Virxe - Junta General de Cofrad\u00edas y Hermandades","og_description":"El Grupo Joven de la Cofrad\u00eda de las Angustias organiza una ofrenda floral a la Virgen, en la misa del domingo 25 de mayo.","og_url":"https:\/\/semanasantaferrol.com\/gl\/ofrenda-floral\/","og_site_name":"Junta General de Cofrad\u00edas y Hermandades","article_publisher":"https:\/\/www.facebook.com\/Juntageneraldecofradias\/","article_published_time":"2025-05-26T07:34:01+00:00","article_modified_time":"2025-05-26T11:33:20+00:00","og_image":[{"width":1600,"height":1200,"url":"https:\/\/semanasantaferrol.com\/wp-content\/uploads\/2025\/05\/cruz2-e1748259016677.jpg","type":"image\/jpeg"}],"author":"pingota","twitter_card":"summary_large_image","twitter_misc":{"Escrito por":"pingota","Tempo de lectura":"2 minutos"},"schema":{"@context":"https:\/\/schema.org","@graph":[{"@type":"Article","@id":"https:\/\/semanasantaferrol.com\/gl\/ofrenda-floral\/#article","isPartOf":{"@id":"https:\/\/semanasantaferrol.com\/gl\/ofrenda-floral\/"},"author":{"name":"pingota","@id":"https:\/\/semanasantaferrol.com\/gl\/#\/schema\/person\/cdd132690f08f75a35f05e2423e6307c"},"headline":"O Grupo Novo das Angustias fixo a s\u00faa ofrenda \u00e1 Virxe","datePublished":"2025-05-26T07:34:01+00:00","dateModified":"2025-05-26T11:33:20+00:00","mainEntityOfPage":{"@id":"https:\/\/semanasantaferrol.com\/gl\/ofrenda-floral\/"},"wordCount":96,"commentCount":0,"publisher":{"@id":"https:\/\/semanasantaferrol.com\/gl\/#organization"},"image":{"@id":"https:\/\/semanasantaferrol.com\/gl\/ofrenda-floral\/#primaryimage"},"thumbnailUrl":"https:\/\/semanasantaferrol.com\/wp-content\/uploads\/2025\/05\/cruz2-e1748259016677.jpg","articleSection":["Angustias"],"inLanguage":"gl-ES","potentialAction":[{"@type":"CommentAction","name":"Comment","target":["https:\/\/semanasantaferrol.com\/gl\/ofrenda-floral\/#respond"]}]},{"@type":"WebPage","@id":"https:\/\/semanasantaferrol.com\/gl\/ofrenda-floral\/","url":"https:\/\/semanasantaferrol.com\/gl\/ofrenda-floral\/","name":"O Grupo Novo das Angustias fixo a s\u00faa ofrenda \u00e1 Virxe - Junta General de Cofrad\u00edas y Hermandades","isPartOf":{"@id":"https:\/\/semanasantaferrol.com\/gl\/#website"},"primaryImageOfPage":{"@id":"https:\/\/semanasantaferrol.com\/gl\/ofrenda-floral\/#primaryimage"},"image":{"@id":"https:\/\/semanasantaferrol.com\/gl\/ofrenda-floral\/#primaryimage"},"thumbnailUrl":"https:\/\/semanasantaferrol.com\/wp-content\/uploads\/2025\/05\/cruz2-e1748259016677.jpg","datePublished":"2025-05-26T07:34:01+00:00","dateModified":"2025-05-26T11:33:20+00:00","description":"El Grupo Joven de la Cofrad\u00eda de las Angustias organiza una ofrenda floral a la Virgen, en la misa del domingo 25 de mayo.","breadcrumb":{"@id":"https:\/\/semanasantaferrol.com\/gl\/ofrenda-floral\/#breadcrumb"},"inLanguage":"gl-ES","potentialAction":[{"@type":"ReadAction","target":["https:\/\/semanasantaferrol.com\/gl\/ofrenda-floral\/"]}]},{"@type":"ImageObject","inLanguage":"gl-ES","@id":"https:\/\/semanasantaferrol.com\/gl\/ofrenda-floral\/#primaryimage","url":"https:\/\/semanasantaferrol.com\/wp-content\/uploads\/2025\/05\/cruz2-e1748259016677.jpg","contentUrl":"https:\/\/semanasantaferrol.com\/wp-content\/uploads\/2025\/05\/cruz2-e1748259016677.jpg","width":1600,"height":1200},{"@type":"BreadcrumbList","@id":"https:\/\/semanasantaferrol.com\/gl\/ofrenda-floral\/#breadcrumb","itemListElement":[{"@type":"ListItem","position":1,"name":"Portada","item":"https:\/\/semanasantaferrol.com\/gl\/"},{"@type":"ListItem","position":2,"name":"O Grupo Novo das Angustias fixo a s\u00faa ofrenda \u00e1 Virxe"}]},{"@type":"WebSite","@id":"https:\/\/semanasantaferrol.com\/gl\/#website","url":"https:\/\/semanasantaferrol.com\/gl\/","name":"Junta General de Cofrad\u00edas y Hermandades","description":"Semana Santa de Ferrol","publisher":{"@id":"https:\/\/semanasantaferrol.com\/gl\/#organization"},"alternateName":"Semana Santa de Ferrol","potentialAction":[{"@type":"SearchAction","target":{"@type":"EntryPoint","urlTemplate":"https:\/\/semanasantaferrol.com\/gl\/?s={search_term_string}"},"query-input":{"@type":"PropertyValueSpecification","valueRequired":true,"valueName":"search_term_string"}}],"inLanguage":"gl-ES"},{"@type":"Organization","@id":"https:\/\/semanasantaferrol.com\/gl\/#organization","name":"Junta General de Cofrad\u00edas y Hermandades de la Semana Santa de Ferrol","alternateName":"Junta de Cofrad\u00edas de la Semana Santa de Ferrol","url":"https:\/\/semanasantaferrol.com\/gl\/","logo":{"@type":"ImageObject","inLanguage":"gl-ES","@id":"https:\/\/semanasantaferrol.com\/gl\/#\/schema\/logo\/image\/","url":"https:\/\/semanasantaferrol.com\/wp-content\/uploads\/2022\/10\/junta_general_logo.svg","contentUrl":"https:\/\/semanasantaferrol.com\/wp-content\/uploads\/2022\/10\/junta_general_logo.svg","width":600,"height":790,"caption":"Junta General de Cofrad\u00edas y Hermandades de la Semana Santa de Ferrol"},"image":{"@id":"https:\/\/semanasantaferrol.com\/gl\/#\/schema\/logo\/image\/"},"sameAs":["https:\/\/www.facebook.com\/Juntageneraldecofradias\/","https:\/\/www.instagram.com\/juntageneralcofradiasferrol\/","https:\/\/www.youtube.com\/@semanasantadeferrol1616","https:\/\/www.tiktok.com\/@semanasantadeferrol"]},{"@type":"Person","@id":"https:\/\/semanasantaferrol.com\/gl\/#\/schema\/person\/cdd132690f08f75a35f05e2423e6307c","name":"pingota","image":{"@type":"ImageObject","inLanguage":"gl-ES","@id":"https:\/\/secure.gravatar.com\/avatar\/b1bb79ecdfb8d6f4c44a82262f8b422faeb290304fc5c6f8b9b4305bfaa2853c?s=96&d=mm&r=g","url":"https:\/\/secure.gravatar.com\/avatar\/b1bb79ecdfb8d6f4c44a82262f8b422faeb290304fc5c6f8b9b4305bfaa2853c?s=96&d=mm&r=g","contentUrl":"https:\/\/secure.gravatar.com\/avatar\/b1bb79ecdfb8d6f4c44a82262f8b422faeb290304fc5c6f8b9b4305bfaa2853c?s=96&d=mm&r=g","caption":"pingota"},"url":"https:\/\/semanasantaferrol.com\/gl"}]}},"_links":{"self":[{"href":"https:\/\/semanasantaferrol.com\/gl\/wp-json\/wp\/v2\/posts\/10839","targetHints":{"allow":["GET"]}}],"collection":[{"href":"https:\/\/semanasantaferrol.com\/gl\/wp-json\/wp\/v2\/posts"}],"about":[{"href":"https:\/\/semanasantaferrol.com\/gl\/wp-json\/wp\/v2\/types\/post"}],"author":[{"embeddable":true,"href":"https:\/\/semanasantaferrol.com\/gl\/wp-json\/wp\/v2\/users\/3"}],"replies":[{"embeddable":true,"href":"https:\/\/semanasantaferrol.com\/gl\/wp-json\/wp\/v2\/comments?post=10839"}],"version-history":[{"count":4,"href":"https:\/\/semanasantaferrol.com\/gl\/wp-json\/wp\/v2\/posts\/10839\/revisions"}],"predecessor-version":[{"id":10860,"href":"https:\/\/semanasantaferrol.com\/gl\/wp-json\/wp\/v2\/posts\/10839\/revisions\/10860"}],"wp:featuredmedia":[{"embeddable":true,"href":"https:\/\/semanasantaferrol.com\/gl\/wp-json\/wp\/v2\/media\/10856"}],"wp:attachment":[{"href":"https:\/\/semanasantaferrol.com\/gl\/wp-json\/wp\/v2\/media?parent=10839"}],"wp:term":[{"taxonomy":"category","embeddable":true,"href":"https:\/\/semanasantaferrol.com\/gl\/wp-json\/wp\/v2\/categories?post=10839"},{"taxonomy":"post_tag","embeddable":true,"href":"https:\/\/semanasantaferrol.com\/gl\/wp-json\/wp\/v2\/tags?post=10839"}],"curies":[{"name":"wp","href":"https:\/\/api.w.org\/{rel}","templated":true}]}}