{"id":10172,"date":"2025-03-03T12:03:23","date_gmt":"2025-03-03T12:03:23","guid":{"rendered":"https:\/\/semanasantaferrol.com\/?p=10172"},"modified":"2025-03-03T12:05:37","modified_gmt":"2025-03-03T12:05:37","slug":"acotaga-ofrecera-un-ano-mais-o-seu-concerto-de-coresma-en-ortigueira","status":"publish","type":"post","link":"https:\/\/semanasantaferrol.com\/gl\/acotaga-ofrecera-un-ano-mais-o-seu-concerto-de-coresma-en-ortigueira\/","title":{"rendered":"Acotaga ofrecer\u00e1 un ano m\u00e1is o seu concerto de Coresma en Ortigueira"},"content":{"rendered":"<p>A agrupaci\u00f3n musical Acotaga ofrecer\u00e1 o pr\u00f3ximo d\u00eda 29 de marzo un concerto en Ortigueira. Ser\u00e1 a terceira edici\u00f3n do seu Festival de Coresma &#8220;Soa a Paix\u00f3n&#8221;. A cita ser\u00e1 \u00e1s 19.30h, organizada como en anos anteriores polo Centro de Atenci\u00f3n Pastoral de Ortigueira e a Confrar\u00eda da Virxe de Dolores e do Nazareno.<\/p>\n<p><img fetchpriority=\"high\" decoding=\"async\" class=\"size-large wp-image-10170 aligncenter\" src=\"https:\/\/semanasantaferrol.com\/wp-content\/uploads\/2025\/03\/SEPTIEMBRE-2024-3000-x-2250-px-1024x768.png\" alt=\"\" width=\"800\" height=\"600\" srcset=\"https:\/\/semanasantaferrol.com\/wp-content\/uploads\/2025\/03\/SEPTIEMBRE-2024-3000-x-2250-px-1024x768.png 1024w, https:\/\/semanasantaferrol.com\/wp-content\/uploads\/2025\/03\/SEPTIEMBRE-2024-3000-x-2250-px-300x225.png 300w, https:\/\/semanasantaferrol.com\/wp-content\/uploads\/2025\/03\/SEPTIEMBRE-2024-3000-x-2250-px-768x576.png 768w, https:\/\/semanasantaferrol.com\/wp-content\/uploads\/2025\/03\/SEPTIEMBRE-2024-3000-x-2250-px-1536x1152.png 1536w, https:\/\/semanasantaferrol.com\/wp-content\/uploads\/2025\/03\/SEPTIEMBRE-2024-3000-x-2250-px-2048x1536.png 2048w\" sizes=\"(max-width: 800px) 100vw, 800px\" \/><\/p>\n<p>&nbsp;<\/p>\n<p><a href=\"https:\/\/whatsapp.com\/channel\/0029VaIa5w0HwXb8UUh2IA2g\"><img decoding=\"async\" class=\"aligncenter wp-image-10029 size-full\" src=\"https:\/\/semanasantaferrol.com\/wp-content\/uploads\/2025\/02\/CANLEWASAPGAL.png\" alt=\"\" width=\"711\" height=\"102\" srcset=\"https:\/\/semanasantaferrol.com\/wp-content\/uploads\/2025\/02\/CANLEWASAPGAL.png 711w, https:\/\/semanasantaferrol.com\/wp-content\/uploads\/2025\/02\/CANLEWASAPGAL-300x43.png 300w\" sizes=\"(max-width: 711px) 100vw, 711px\" \/><\/a><\/p>\n","protected":false},"excerpt":{"rendered":"<p>A agrupaci\u00f3n musical Acotaga ofrecer\u00e1 o pr\u00f3ximo d\u00eda 29 de marzo un concerto en Ortigueira. Ser\u00e1 a terceira edici\u00f3n do seu Festival de Coresma &#8220;Soa a Paix\u00f3n&#8221;. A cita ser\u00e1 \u00e1s 19.30h, organizada como en anos anteriores polo Centro de Atenci\u00f3n Pastoral de Ortigueira e a Confrar\u00eda da Virxe de Dolores e do Nazareno. &nbsp;<\/p>\n","protected":false},"author":3,"featured_media":10170,"comment_status":"open","ping_status":"open","sticky":false,"template":"","format":"standard","meta":{"footnotes":""},"categories":[33],"tags":[],"class_list":["post-10172","post","type-post","status-publish","format-standard","has-post-thumbnail","hentry","category-bandas-e-agrupacions"],"yoast_head":"<!-- This site is optimized with the Yoast SEO plugin v27.5 - https:\/\/yoast.com\/product\/yoast-seo-wordpress\/ -->\n<title>Acotaga ofrecer\u00e1 un ano m\u00e1is o seu concerto de Coresma en Ortigueira - Junta General de Cofrad\u00edas y Hermandades<\/title>\n<meta name=\"robots\" content=\"index, follow, max-snippet:-1, max-image-preview:large, max-video-preview:-1\" \/>\n<link rel=\"canonical\" href=\"https:\/\/semanasantaferrol.com\/gl\/acotaga-ofrecera-un-ano-mais-o-seu-concerto-de-coresma-en-ortigueira\/\" \/>\n<meta property=\"og:locale\" content=\"gl_ES\" \/>\n<meta property=\"og:type\" content=\"article\" \/>\n<meta property=\"og:title\" content=\"Acotaga ofrecer\u00e1 un ano m\u00e1is o seu concerto de Coresma en Ortigueira - Junta General de Cofrad\u00edas y Hermandades\" \/>\n<meta property=\"og:description\" content=\"A agrupaci\u00f3n musical Acotaga ofrecer\u00e1 o pr\u00f3ximo d\u00eda 29 de marzo un concerto en Ortigueira. Ser\u00e1 a terceira edici\u00f3n do seu Festival de Coresma &#8220;Soa a Paix\u00f3n&#8221;. A cita ser\u00e1 \u00e1s 19.30h, organizada como en anos anteriores polo Centro de Atenci\u00f3n Pastoral de Ortigueira e a Confrar\u00eda da Virxe de Dolores e do Nazareno. &nbsp;\" \/>\n<meta property=\"og:url\" content=\"https:\/\/semanasantaferrol.com\/gl\/acotaga-ofrecera-un-ano-mais-o-seu-concerto-de-coresma-en-ortigueira\/\" \/>\n<meta property=\"og:site_name\" content=\"Junta General de Cofrad\u00edas y Hermandades\" \/>\n<meta property=\"article:publisher\" content=\"https:\/\/www.facebook.com\/Juntageneraldecofradias\/\" \/>\n<meta property=\"article:published_time\" content=\"2025-03-03T12:03:23+00:00\" \/>\n<meta property=\"article:modified_time\" content=\"2025-03-03T12:05:37+00:00\" \/>\n<meta property=\"og:image\" content=\"https:\/\/semanasantaferrol.com\/wp-content\/uploads\/2025\/03\/SEPTIEMBRE-2024-3000-x-2250-px-1024x768.png\" \/>\n\t<meta property=\"og:image:width\" content=\"1024\" \/>\n\t<meta property=\"og:image:height\" content=\"768\" \/>\n\t<meta property=\"og:image:type\" content=\"image\/png\" \/>\n<meta name=\"author\" content=\"pingota\" \/>\n<meta name=\"twitter:card\" content=\"summary_large_image\" \/>\n<meta name=\"twitter:label1\" content=\"Escrito por\" \/>\n\t<meta name=\"twitter:data1\" content=\"pingota\" \/>\n\t<meta name=\"twitter:label2\" content=\"Tempo de lectura\" \/>\n\t<meta name=\"twitter:data2\" content=\"1 minuto\" \/>\n<script type=\"application\/ld+json\" class=\"yoast-schema-graph\">{\"@context\":\"https:\\\/\\\/schema.org\",\"@graph\":[{\"@type\":\"Article\",\"@id\":\"https:\\\/\\\/semanasantaferrol.com\\\/gl\\\/acotaga-ofrecera-un-ano-mais-o-seu-concerto-de-coresma-en-ortigueira\\\/#article\",\"isPartOf\":{\"@id\":\"https:\\\/\\\/semanasantaferrol.com\\\/gl\\\/acotaga-ofrecera-un-ano-mais-o-seu-concerto-de-coresma-en-ortigueira\\\/\"},\"author\":{\"name\":\"pingota\",\"@id\":\"https:\\\/\\\/semanasantaferrol.com\\\/gl\\\/#\\\/schema\\\/person\\\/cdd132690f08f75a35f05e2423e6307c\"},\"headline\":\"Acotaga ofrecer\u00e1 un ano m\u00e1is o seu concerto de Coresma en Ortigueira\",\"datePublished\":\"2025-03-03T12:03:23+00:00\",\"dateModified\":\"2025-03-03T12:05:37+00:00\",\"mainEntityOfPage\":{\"@id\":\"https:\\\/\\\/semanasantaferrol.com\\\/gl\\\/acotaga-ofrecera-un-ano-mais-o-seu-concerto-de-coresma-en-ortigueira\\\/\"},\"wordCount\":74,\"commentCount\":0,\"publisher\":{\"@id\":\"https:\\\/\\\/semanasantaferrol.com\\\/gl\\\/#organization\"},\"image\":{\"@id\":\"https:\\\/\\\/semanasantaferrol.com\\\/gl\\\/acotaga-ofrecera-un-ano-mais-o-seu-concerto-de-coresma-en-ortigueira\\\/#primaryimage\"},\"thumbnailUrl\":\"https:\\\/\\\/semanasantaferrol.com\\\/wp-content\\\/uploads\\\/2025\\\/03\\\/SEPTIEMBRE-2024-3000-x-2250-px.png\",\"articleSection\":[\"Bandas e Agrupaci\u00f3ns\"],\"inLanguage\":\"gl-ES\",\"potentialAction\":[{\"@type\":\"CommentAction\",\"name\":\"Comment\",\"target\":[\"https:\\\/\\\/semanasantaferrol.com\\\/gl\\\/acotaga-ofrecera-un-ano-mais-o-seu-concerto-de-coresma-en-ortigueira\\\/#respond\"]}]},{\"@type\":\"WebPage\",\"@id\":\"https:\\\/\\\/semanasantaferrol.com\\\/gl\\\/acotaga-ofrecera-un-ano-mais-o-seu-concerto-de-coresma-en-ortigueira\\\/\",\"url\":\"https:\\\/\\\/semanasantaferrol.com\\\/gl\\\/acotaga-ofrecera-un-ano-mais-o-seu-concerto-de-coresma-en-ortigueira\\\/\",\"name\":\"Acotaga ofrecer\u00e1 un ano m\u00e1is o seu concerto de Coresma en Ortigueira - Junta General de Cofrad\u00edas y Hermandades\",\"isPartOf\":{\"@id\":\"https:\\\/\\\/semanasantaferrol.com\\\/gl\\\/#website\"},\"primaryImageOfPage\":{\"@id\":\"https:\\\/\\\/semanasantaferrol.com\\\/gl\\\/acotaga-ofrecera-un-ano-mais-o-seu-concerto-de-coresma-en-ortigueira\\\/#primaryimage\"},\"image\":{\"@id\":\"https:\\\/\\\/semanasantaferrol.com\\\/gl\\\/acotaga-ofrecera-un-ano-mais-o-seu-concerto-de-coresma-en-ortigueira\\\/#primaryimage\"},\"thumbnailUrl\":\"https:\\\/\\\/semanasantaferrol.com\\\/wp-content\\\/uploads\\\/2025\\\/03\\\/SEPTIEMBRE-2024-3000-x-2250-px.png\",\"datePublished\":\"2025-03-03T12:03:23+00:00\",\"dateModified\":\"2025-03-03T12:05:37+00:00\",\"breadcrumb\":{\"@id\":\"https:\\\/\\\/semanasantaferrol.com\\\/gl\\\/acotaga-ofrecera-un-ano-mais-o-seu-concerto-de-coresma-en-ortigueira\\\/#breadcrumb\"},\"inLanguage\":\"gl-ES\",\"potentialAction\":[{\"@type\":\"ReadAction\",\"target\":[\"https:\\\/\\\/semanasantaferrol.com\\\/gl\\\/acotaga-ofrecera-un-ano-mais-o-seu-concerto-de-coresma-en-ortigueira\\\/\"]}]},{\"@type\":\"ImageObject\",\"inLanguage\":\"gl-ES\",\"@id\":\"https:\\\/\\\/semanasantaferrol.com\\\/gl\\\/acotaga-ofrecera-un-ano-mais-o-seu-concerto-de-coresma-en-ortigueira\\\/#primaryimage\",\"url\":\"https:\\\/\\\/semanasantaferrol.com\\\/wp-content\\\/uploads\\\/2025\\\/03\\\/SEPTIEMBRE-2024-3000-x-2250-px.png\",\"contentUrl\":\"https:\\\/\\\/semanasantaferrol.com\\\/wp-content\\\/uploads\\\/2025\\\/03\\\/SEPTIEMBRE-2024-3000-x-2250-px.png\",\"width\":3000,\"height\":2250},{\"@type\":\"BreadcrumbList\",\"@id\":\"https:\\\/\\\/semanasantaferrol.com\\\/gl\\\/acotaga-ofrecera-un-ano-mais-o-seu-concerto-de-coresma-en-ortigueira\\\/#breadcrumb\",\"itemListElement\":[{\"@type\":\"ListItem\",\"position\":1,\"name\":\"Portada\",\"item\":\"https:\\\/\\\/semanasantaferrol.com\\\/gl\\\/\"},{\"@type\":\"ListItem\",\"position\":2,\"name\":\"Acotaga ofrecer\u00e1 un ano m\u00e1is o seu concerto de Coresma en Ortigueira\"}]},{\"@type\":\"WebSite\",\"@id\":\"https:\\\/\\\/semanasantaferrol.com\\\/gl\\\/#website\",\"url\":\"https:\\\/\\\/semanasantaferrol.com\\\/gl\\\/\",\"name\":\"Junta General de Cofrad\u00edas y Hermandades\",\"description\":\"Semana Santa de Ferrol\",\"publisher\":{\"@id\":\"https:\\\/\\\/semanasantaferrol.com\\\/gl\\\/#organization\"},\"alternateName\":\"Semana Santa de Ferrol\",\"potentialAction\":[{\"@type\":\"SearchAction\",\"target\":{\"@type\":\"EntryPoint\",\"urlTemplate\":\"https:\\\/\\\/semanasantaferrol.com\\\/gl\\\/?s={search_term_string}\"},\"query-input\":{\"@type\":\"PropertyValueSpecification\",\"valueRequired\":true,\"valueName\":\"search_term_string\"}}],\"inLanguage\":\"gl-ES\"},{\"@type\":\"Organization\",\"@id\":\"https:\\\/\\\/semanasantaferrol.com\\\/gl\\\/#organization\",\"name\":\"Junta General de Cofrad\u00edas y Hermandades de la Semana Santa de Ferrol\",\"alternateName\":\"Junta de Cofrad\u00edas de la Semana Santa de Ferrol\",\"url\":\"https:\\\/\\\/semanasantaferrol.com\\\/gl\\\/\",\"logo\":{\"@type\":\"ImageObject\",\"inLanguage\":\"gl-ES\",\"@id\":\"https:\\\/\\\/semanasantaferrol.com\\\/gl\\\/#\\\/schema\\\/logo\\\/image\\\/\",\"url\":\"https:\\\/\\\/semanasantaferrol.com\\\/wp-content\\\/uploads\\\/2022\\\/10\\\/junta_general_logo.svg\",\"contentUrl\":\"https:\\\/\\\/semanasantaferrol.com\\\/wp-content\\\/uploads\\\/2022\\\/10\\\/junta_general_logo.svg\",\"width\":600,\"height\":790,\"caption\":\"Junta General de Cofrad\u00edas y Hermandades de la Semana Santa de Ferrol\"},\"image\":{\"@id\":\"https:\\\/\\\/semanasantaferrol.com\\\/gl\\\/#\\\/schema\\\/logo\\\/image\\\/\"},\"sameAs\":[\"https:\\\/\\\/www.facebook.com\\\/Juntageneraldecofradias\\\/\",\"https:\\\/\\\/www.instagram.com\\\/juntageneralcofradiasferrol\\\/\",\"https:\\\/\\\/www.youtube.com\\\/@semanasantadeferrol1616\",\"https:\\\/\\\/www.tiktok.com\\\/@semanasantadeferrol\"]},{\"@type\":\"Person\",\"@id\":\"https:\\\/\\\/semanasantaferrol.com\\\/gl\\\/#\\\/schema\\\/person\\\/cdd132690f08f75a35f05e2423e6307c\",\"name\":\"pingota\",\"image\":{\"@type\":\"ImageObject\",\"inLanguage\":\"gl-ES\",\"@id\":\"https:\\\/\\\/secure.gravatar.com\\\/avatar\\\/b1bb79ecdfb8d6f4c44a82262f8b422faeb290304fc5c6f8b9b4305bfaa2853c?s=96&d=mm&r=g\",\"url\":\"https:\\\/\\\/secure.gravatar.com\\\/avatar\\\/b1bb79ecdfb8d6f4c44a82262f8b422faeb290304fc5c6f8b9b4305bfaa2853c?s=96&d=mm&r=g\",\"contentUrl\":\"https:\\\/\\\/secure.gravatar.com\\\/avatar\\\/b1bb79ecdfb8d6f4c44a82262f8b422faeb290304fc5c6f8b9b4305bfaa2853c?s=96&d=mm&r=g\",\"caption\":\"pingota\"},\"url\":\"https:\\\/\\\/semanasantaferrol.com\\\/gl\"}]}<\/script>\n<!-- \/ Yoast SEO plugin. -->","yoast_head_json":{"title":"Acotaga ofrecer\u00e1 un ano m\u00e1is o seu concerto de Coresma en Ortigueira - Junta General de Cofrad\u00edas y Hermandades","robots":{"index":"index","follow":"follow","max-snippet":"max-snippet:-1","max-image-preview":"max-image-preview:large","max-video-preview":"max-video-preview:-1"},"canonical":"https:\/\/semanasantaferrol.com\/gl\/acotaga-ofrecera-un-ano-mais-o-seu-concerto-de-coresma-en-ortigueira\/","og_locale":"gl_ES","og_type":"article","og_title":"Acotaga ofrecer\u00e1 un ano m\u00e1is o seu concerto de Coresma en Ortigueira - Junta General de Cofrad\u00edas y Hermandades","og_description":"A agrupaci\u00f3n musical Acotaga ofrecer\u00e1 o pr\u00f3ximo d\u00eda 29 de marzo un concerto en Ortigueira. Ser\u00e1 a terceira edici\u00f3n do seu Festival de Coresma &#8220;Soa a Paix\u00f3n&#8221;. A cita ser\u00e1 \u00e1s 19.30h, organizada como en anos anteriores polo Centro de Atenci\u00f3n Pastoral de Ortigueira e a Confrar\u00eda da Virxe de Dolores e do Nazareno. &nbsp;","og_url":"https:\/\/semanasantaferrol.com\/gl\/acotaga-ofrecera-un-ano-mais-o-seu-concerto-de-coresma-en-ortigueira\/","og_site_name":"Junta General de Cofrad\u00edas y Hermandades","article_publisher":"https:\/\/www.facebook.com\/Juntageneraldecofradias\/","article_published_time":"2025-03-03T12:03:23+00:00","article_modified_time":"2025-03-03T12:05:37+00:00","og_image":[{"width":1024,"height":768,"url":"https:\/\/semanasantaferrol.com\/wp-content\/uploads\/2025\/03\/SEPTIEMBRE-2024-3000-x-2250-px-1024x768.png","type":"image\/png"}],"author":"pingota","twitter_card":"summary_large_image","twitter_misc":{"Escrito por":"pingota","Tempo de lectura":"1 minuto"},"schema":{"@context":"https:\/\/schema.org","@graph":[{"@type":"Article","@id":"https:\/\/semanasantaferrol.com\/gl\/acotaga-ofrecera-un-ano-mais-o-seu-concerto-de-coresma-en-ortigueira\/#article","isPartOf":{"@id":"https:\/\/semanasantaferrol.com\/gl\/acotaga-ofrecera-un-ano-mais-o-seu-concerto-de-coresma-en-ortigueira\/"},"author":{"name":"pingota","@id":"https:\/\/semanasantaferrol.com\/gl\/#\/schema\/person\/cdd132690f08f75a35f05e2423e6307c"},"headline":"Acotaga ofrecer\u00e1 un ano m\u00e1is o seu concerto de Coresma en Ortigueira","datePublished":"2025-03-03T12:03:23+00:00","dateModified":"2025-03-03T12:05:37+00:00","mainEntityOfPage":{"@id":"https:\/\/semanasantaferrol.com\/gl\/acotaga-ofrecera-un-ano-mais-o-seu-concerto-de-coresma-en-ortigueira\/"},"wordCount":74,"commentCount":0,"publisher":{"@id":"https:\/\/semanasantaferrol.com\/gl\/#organization"},"image":{"@id":"https:\/\/semanasantaferrol.com\/gl\/acotaga-ofrecera-un-ano-mais-o-seu-concerto-de-coresma-en-ortigueira\/#primaryimage"},"thumbnailUrl":"https:\/\/semanasantaferrol.com\/wp-content\/uploads\/2025\/03\/SEPTIEMBRE-2024-3000-x-2250-px.png","articleSection":["Bandas e Agrupaci\u00f3ns"],"inLanguage":"gl-ES","potentialAction":[{"@type":"CommentAction","name":"Comment","target":["https:\/\/semanasantaferrol.com\/gl\/acotaga-ofrecera-un-ano-mais-o-seu-concerto-de-coresma-en-ortigueira\/#respond"]}]},{"@type":"WebPage","@id":"https:\/\/semanasantaferrol.com\/gl\/acotaga-ofrecera-un-ano-mais-o-seu-concerto-de-coresma-en-ortigueira\/","url":"https:\/\/semanasantaferrol.com\/gl\/acotaga-ofrecera-un-ano-mais-o-seu-concerto-de-coresma-en-ortigueira\/","name":"Acotaga ofrecer\u00e1 un ano m\u00e1is o seu concerto de Coresma en Ortigueira - Junta General de Cofrad\u00edas y Hermandades","isPartOf":{"@id":"https:\/\/semanasantaferrol.com\/gl\/#website"},"primaryImageOfPage":{"@id":"https:\/\/semanasantaferrol.com\/gl\/acotaga-ofrecera-un-ano-mais-o-seu-concerto-de-coresma-en-ortigueira\/#primaryimage"},"image":{"@id":"https:\/\/semanasantaferrol.com\/gl\/acotaga-ofrecera-un-ano-mais-o-seu-concerto-de-coresma-en-ortigueira\/#primaryimage"},"thumbnailUrl":"https:\/\/semanasantaferrol.com\/wp-content\/uploads\/2025\/03\/SEPTIEMBRE-2024-3000-x-2250-px.png","datePublished":"2025-03-03T12:03:23+00:00","dateModified":"2025-03-03T12:05:37+00:00","breadcrumb":{"@id":"https:\/\/semanasantaferrol.com\/gl\/acotaga-ofrecera-un-ano-mais-o-seu-concerto-de-coresma-en-ortigueira\/#breadcrumb"},"inLanguage":"gl-ES","potentialAction":[{"@type":"ReadAction","target":["https:\/\/semanasantaferrol.com\/gl\/acotaga-ofrecera-un-ano-mais-o-seu-concerto-de-coresma-en-ortigueira\/"]}]},{"@type":"ImageObject","inLanguage":"gl-ES","@id":"https:\/\/semanasantaferrol.com\/gl\/acotaga-ofrecera-un-ano-mais-o-seu-concerto-de-coresma-en-ortigueira\/#primaryimage","url":"https:\/\/semanasantaferrol.com\/wp-content\/uploads\/2025\/03\/SEPTIEMBRE-2024-3000-x-2250-px.png","contentUrl":"https:\/\/semanasantaferrol.com\/wp-content\/uploads\/2025\/03\/SEPTIEMBRE-2024-3000-x-2250-px.png","width":3000,"height":2250},{"@type":"BreadcrumbList","@id":"https:\/\/semanasantaferrol.com\/gl\/acotaga-ofrecera-un-ano-mais-o-seu-concerto-de-coresma-en-ortigueira\/#breadcrumb","itemListElement":[{"@type":"ListItem","position":1,"name":"Portada","item":"https:\/\/semanasantaferrol.com\/gl\/"},{"@type":"ListItem","position":2,"name":"Acotaga ofrecer\u00e1 un ano m\u00e1is o seu concerto de Coresma en Ortigueira"}]},{"@type":"WebSite","@id":"https:\/\/semanasantaferrol.com\/gl\/#website","url":"https:\/\/semanasantaferrol.com\/gl\/","name":"Junta General de Cofrad\u00edas y Hermandades","description":"Semana Santa de Ferrol","publisher":{"@id":"https:\/\/semanasantaferrol.com\/gl\/#organization"},"alternateName":"Semana Santa de Ferrol","potentialAction":[{"@type":"SearchAction","target":{"@type":"EntryPoint","urlTemplate":"https:\/\/semanasantaferrol.com\/gl\/?s={search_term_string}"},"query-input":{"@type":"PropertyValueSpecification","valueRequired":true,"valueName":"search_term_string"}}],"inLanguage":"gl-ES"},{"@type":"Organization","@id":"https:\/\/semanasantaferrol.com\/gl\/#organization","name":"Junta General de Cofrad\u00edas y Hermandades de la Semana Santa de Ferrol","alternateName":"Junta de Cofrad\u00edas de la Semana Santa de Ferrol","url":"https:\/\/semanasantaferrol.com\/gl\/","logo":{"@type":"ImageObject","inLanguage":"gl-ES","@id":"https:\/\/semanasantaferrol.com\/gl\/#\/schema\/logo\/image\/","url":"https:\/\/semanasantaferrol.com\/wp-content\/uploads\/2022\/10\/junta_general_logo.svg","contentUrl":"https:\/\/semanasantaferrol.com\/wp-content\/uploads\/2022\/10\/junta_general_logo.svg","width":600,"height":790,"caption":"Junta General de Cofrad\u00edas y Hermandades de la Semana Santa de Ferrol"},"image":{"@id":"https:\/\/semanasantaferrol.com\/gl\/#\/schema\/logo\/image\/"},"sameAs":["https:\/\/www.facebook.com\/Juntageneraldecofradias\/","https:\/\/www.instagram.com\/juntageneralcofradiasferrol\/","https:\/\/www.youtube.com\/@semanasantadeferrol1616","https:\/\/www.tiktok.com\/@semanasantadeferrol"]},{"@type":"Person","@id":"https:\/\/semanasantaferrol.com\/gl\/#\/schema\/person\/cdd132690f08f75a35f05e2423e6307c","name":"pingota","image":{"@type":"ImageObject","inLanguage":"gl-ES","@id":"https:\/\/secure.gravatar.com\/avatar\/b1bb79ecdfb8d6f4c44a82262f8b422faeb290304fc5c6f8b9b4305bfaa2853c?s=96&d=mm&r=g","url":"https:\/\/secure.gravatar.com\/avatar\/b1bb79ecdfb8d6f4c44a82262f8b422faeb290304fc5c6f8b9b4305bfaa2853c?s=96&d=mm&r=g","contentUrl":"https:\/\/secure.gravatar.com\/avatar\/b1bb79ecdfb8d6f4c44a82262f8b422faeb290304fc5c6f8b9b4305bfaa2853c?s=96&d=mm&r=g","caption":"pingota"},"url":"https:\/\/semanasantaferrol.com\/gl"}]}},"_links":{"self":[{"href":"https:\/\/semanasantaferrol.com\/gl\/wp-json\/wp\/v2\/posts\/10172","targetHints":{"allow":["GET"]}}],"collection":[{"href":"https:\/\/semanasantaferrol.com\/gl\/wp-json\/wp\/v2\/posts"}],"about":[{"href":"https:\/\/semanasantaferrol.com\/gl\/wp-json\/wp\/v2\/types\/post"}],"author":[{"embeddable":true,"href":"https:\/\/semanasantaferrol.com\/gl\/wp-json\/wp\/v2\/users\/3"}],"replies":[{"embeddable":true,"href":"https:\/\/semanasantaferrol.com\/gl\/wp-json\/wp\/v2\/comments?post=10172"}],"version-history":[{"count":2,"href":"https:\/\/semanasantaferrol.com\/gl\/wp-json\/wp\/v2\/posts\/10172\/revisions"}],"predecessor-version":[{"id":10174,"href":"https:\/\/semanasantaferrol.com\/gl\/wp-json\/wp\/v2\/posts\/10172\/revisions\/10174"}],"wp:featuredmedia":[{"embeddable":true,"href":"https:\/\/semanasantaferrol.com\/gl\/wp-json\/wp\/v2\/media\/10170"}],"wp:attachment":[{"href":"https:\/\/semanasantaferrol.com\/gl\/wp-json\/wp\/v2\/media?parent=10172"}],"wp:term":[{"taxonomy":"category","embeddable":true,"href":"https:\/\/semanasantaferrol.com\/gl\/wp-json\/wp\/v2\/categories?post=10172"},{"taxonomy":"post_tag","embeddable":true,"href":"https:\/\/semanasantaferrol.com\/gl\/wp-json\/wp\/v2\/tags?post=10172"}],"curies":[{"name":"wp","href":"https:\/\/api.w.org\/{rel}","templated":true}]}}